{"id":25979,"date":"2021-02-24T11:25:14","date_gmt":"2021-02-24T10:25:14","guid":{"rendered":"https:\/\/pisofranco.gal\/?p=25979"},"modified":"2021-03-08T19:07:39","modified_gmt":"2021-03-08T18:07:39","slug":"o-soldado-no-inverno","status":"publish","type":"post","link":"https:\/\/pisofranco.gal\/pt-pt\/artigos\/2021\/02\/24\/o-soldado-no-inverno-25979\/","title":{"rendered":"O soldado no inverno"},"content":{"rendered":"","protected":false},"excerpt":{"rendered":"<p>No inverno, n\u00e3o lutamos. Ficamos no abrigo dos barrac\u00f5es, enquanto fora a chuva impede qualquer avan\u00e7o, qualquer defesa. Chove quatro meses por ano. Todos juntos. A chuva embebe a terra at\u00e9 formar um metro de combina\u00e7\u00e3o: intransit\u00e1vel, inutiliz\u00e1vel, um material sem tabela peri\u00f3dica. Uma mat\u00e9ria a meio caminho entre s\u00f3lido e l\u00edquido, como a melancolia. &hellip;<\/p>\n","protected":false},"author":51,"featured_media":25451,"comment_status":"closed","ping_status":"closed","sticky":false,"template":"","format":"standard","meta":{"_acf_changed":false,"footnotes":""},"categories":[84],"tags":[],"class_list":["post-25979","post","type-post","status-publish","format-standard","has-post-thumbnail","hentry","category-narrativa-pt"],"acf":[],"post_template":"narrativa","post_subscription":"yes","pretitle":"","content_extract":"No inverno, n\u00e3o lutamos. Ficamos no abrigo dos barrac\u00f5es, enquanto fora a chuva impede qualquer avan\u00e7o, qualquer defesa. Chove quatro meses por ano. Todos juntos. A chuva embebe a terra at\u00e9 formar um metro de combina\u00e7\u00e3o: intransit\u00e1vel, inutiliz\u00e1vel, um material sem tabela peri\u00f3dica. Uma mat\u00e9ria a meio caminho entre s\u00f3lido e l\u00edquido, como a melancolia....","reading_data":{"word_count":"191","reading_seconds":"45","reading_time":{"minutes":1,"hours":0,"seconds":45},"reading_string":"45''","reading_human":"<1 minuto"},"announcement":{"finishdate":"","finishdate_text":""},"opinion":{"subject":"","subject_info":[]},"event_info":{"startdate":"","starttime":"","enddate":"","endtime":"","entertainer":null},"interview":{"interviewed":""},"phototext":{"text_author":"","text_photo":""},"video":{"video_source":""},"promotion":{"action":"default","action_data":""},"categories_list":[{"name":"Narrativa","id":84,"slug":"narrativa-pt","parent":0,"template":"default"}],"visible_author":"Camilo Franco","_links":{"self":[{"href":"https:\/\/pisofranco.gal\/pt-pt\/api\/wp\/v2\/posts\/25979"}],"collection":[{"href":"https:\/\/pisofranco.gal\/pt-pt\/api\/wp\/v2\/posts"}],"about":[{"href":"https:\/\/pisofranco.gal\/pt-pt\/api\/wp\/v2\/types\/post"}],"author":[{"embeddable":true,"href":"https:\/\/pisofranco.gal\/pt-pt\/api\/wp\/v2\/users\/51"}],"replies":[{"embeddable":true,"href":"https:\/\/pisofranco.gal\/pt-pt\/api\/wp\/v2\/comments?post=25979"}],"version-history":[{"count":1,"href":"https:\/\/pisofranco.gal\/pt-pt\/api\/wp\/v2\/posts\/25979\/revisions"}],"predecessor-version":[{"id":25994,"href":"https:\/\/pisofranco.gal\/pt-pt\/api\/wp\/v2\/posts\/25979\/revisions\/25994"}],"wp:featuredmedia":[{"embeddable":true,"href":"https:\/\/pisofranco.gal\/pt-pt\/api\/wp\/v2\/media\/25451"}],"wp:attachment":[{"href":"https:\/\/pisofranco.gal\/pt-pt\/api\/wp\/v2\/media?parent=25979"}],"wp:term":[{"taxonomy":"category","embeddable":true,"href":"https:\/\/pisofranco.gal\/pt-pt\/api\/wp\/v2\/categories?post=25979"},{"taxonomy":"post_tag","embeddable":true,"href":"https:\/\/pisofranco.gal\/pt-pt\/api\/wp\/v2\/tags?post=25979"}],"curies":[{"name":"wp","href":"https:\/\/api.w.org\/{rel}","templated":true}]}}