{"id":260575,"date":"2022-08-12T12:07:19","date_gmt":"2022-08-12T10:07:19","guid":{"rendered":"https:\/\/pisofranco.gal\/artigos\/2022\/08\/12\/semper-fidelis-260575\/"},"modified":"2022-08-12T13:12:47","modified_gmt":"2022-08-12T11:12:47","slug":"semper-fidelis","status":"publish","type":"post","link":"https:\/\/pisofranco.gal\/pt-pt\/artigos\/2022\/08\/12\/semper-fidelis-260575\/","title":{"rendered":"Semper fidelis"},"content":{"rendered":"","protected":false},"excerpt":{"rendered":"<p>Deve ser um costume do ex\u00e9rcito ianque ter um baile de gala antes de marchar para a guerra. Lembrei-me disso desde a \u00e9poca em Fort Apache. Foi feito, ele supunha, para que a not\u00edcia da marcha fosse suficientemente solene ou, tamb\u00e9m, para que algum oficial pudesse parecer digno, declarando que o regimento partiria ao amanhecer. &hellip;<\/p>\n","protected":false},"author":51,"featured_media":260500,"comment_status":"closed","ping_status":"closed","sticky":false,"template":"","format":"standard","meta":{"_acf_changed":false,"footnotes":""},"categories":[258,245],"tags":[],"class_list":["post-260575","post","type-post","status-publish","format-standard","has-post-thumbnail","hentry","category-por-conto-alheio","category-libros-pt"],"acf":[],"post_template":"narrativa","post_subscription":"yes","pretitle":"","content_extract":"Deve ser um costume do ex\u00e9rcito ianque ter um baile de gala antes de marchar para a guerra. Lembrei-me disso desde a \u00e9poca em Fort Apache. Foi feito, ele supunha, para que a not\u00edcia da marcha fosse suficientemente solene ou, tamb\u00e9m, para que algum oficial pudesse parecer digno, declarando que o regimento partiria ao amanhecer....","reading_data":{"word_count":"319","reading_seconds":"76","reading_time":{"minutes":1,"hours":0,"seconds":16},"reading_string":"1'16''","reading_human":"1 minuto"},"announcement":{"finishdate":"","finishdate_text":""},"opinion":{"subject":"","subject_info":[]},"event_info":{"startdate":"","starttime":"","enddate":"","endtime":"","entertainer":null},"interview":{"interviewed":""},"phototext":{"text_author":"","text_photo":""},"video":{"video_source":""},"promotion":{"action":"default","action_data":""},"categories_list":[{"name":"Livros","id":245,"slug":"libros-pt","parent":0,"template":"books"},{"name":"Por Conto Alheio","id":258,"slug":"por-conto-alheio","parent":245,"template":"default"}],"visible_author":"Camilo Franco","_links":{"self":[{"href":"https:\/\/pisofranco.gal\/pt-pt\/api\/wp\/v2\/posts\/260575"}],"collection":[{"href":"https:\/\/pisofranco.gal\/pt-pt\/api\/wp\/v2\/posts"}],"about":[{"href":"https:\/\/pisofranco.gal\/pt-pt\/api\/wp\/v2\/types\/post"}],"author":[{"embeddable":true,"href":"https:\/\/pisofranco.gal\/pt-pt\/api\/wp\/v2\/users\/51"}],"replies":[{"embeddable":true,"href":"https:\/\/pisofranco.gal\/pt-pt\/api\/wp\/v2\/comments?post=260575"}],"version-history":[{"count":1,"href":"https:\/\/pisofranco.gal\/pt-pt\/api\/wp\/v2\/posts\/260575\/revisions"}],"predecessor-version":[{"id":260637,"href":"https:\/\/pisofranco.gal\/pt-pt\/api\/wp\/v2\/posts\/260575\/revisions\/260637"}],"wp:featuredmedia":[{"embeddable":true,"href":"https:\/\/pisofranco.gal\/pt-pt\/api\/wp\/v2\/media\/260500"}],"wp:attachment":[{"href":"https:\/\/pisofranco.gal\/pt-pt\/api\/wp\/v2\/media?parent=260575"}],"wp:term":[{"taxonomy":"category","embeddable":true,"href":"https:\/\/pisofranco.gal\/pt-pt\/api\/wp\/v2\/categories?post=260575"},{"taxonomy":"post_tag","embeddable":true,"href":"https:\/\/pisofranco.gal\/pt-pt\/api\/wp\/v2\/tags?post=260575"}],"curies":[{"name":"wp","href":"https:\/\/api.w.org\/{rel}","templated":true}]}}