{"id":316449,"date":"2022-12-09T14:49:35","date_gmt":"2022-12-09T13:49:35","guid":{"rendered":"https:\/\/pisofranco.gal\/artigos\/2022\/12\/09\/galiza-galicia-galicia-negra-316449\/"},"modified":"2022-12-13T17:05:40","modified_gmt":"2022-12-13T16:05:40","slug":"galiza-galicia-galicia-negra","status":"publish","type":"post","link":"https:\/\/pisofranco.gal\/pt-pt\/artigos\/2022\/12\/09\/galiza-galicia-galicia-negra-316449\/","title":{"rendered":"Galiza, Galicia, Galiza negra"},"content":{"rendered":"","protected":false},"excerpt":{"rendered":"<p>A Galiza \u00e9 uma na\u00e7\u00e3o sem um estado de esp\u00edrito. Tem dois nomes, nenhuma unanimidade real e uma tend\u00eancia suicida para encontrar as suas raz\u00f5es de ser no passado. De tempos a tempos, ataca-se a si pr\u00f3prio por alguma raz\u00e3o simb\u00f3lica que se transforma num argumento de identidade, o p\u00f3 sobe e permanece a ideia de que somos capazes de nos rebelarmos contra os sinais, mas n\u00e3o contra a realidade. Dedicamos um grande esfor\u00e7o ao simb\u00f3lico. A realidade \u00e9 outra batalha.<\/p>\n","protected":false},"author":51,"featured_media":314156,"comment_status":"closed","ping_status":"closed","sticky":false,"template":"","format":"standard","meta":{"_acf_changed":false,"footnotes":""},"categories":[195],"tags":[],"class_list":["post-316449","post","type-post","status-publish","format-standard","has-post-thumbnail","hentry","category-fatiga-ocular-pt-pt"],"acf":[],"post_template":"reportaxe","post_subscription":"yes","pretitle":"","content_extract":"A auto-estima dos galegos est\u00e1 a sofrer. Estamos mais preocupados com o que dizem sobre n\u00f3s do que com o que temos a dizer sobre n\u00f3s pr\u00f3prios (e sobre os outros). A auto-estima dos galegos n\u00e3o \u00e9 sequer uma moeda pol\u00edtica porque est\u00e1 a ser abalada por anivers\u00e1rios lamentosos, por filmes, por ignor\u00e2ncia e quase...","reading_data":{"word_count":"1254","reading_seconds":"300","reading_time":{"minutes":5,"hours":0,"seconds":0},"reading_string":"5'","reading_human":"5 minutos"},"announcement":{"finishdate":"","finishdate_text":""},"opinion":{"subject":"","subject_info":[]},"event_info":{"startdate":"","starttime":"","enddate":"","endtime":"","entertainer":null},"interview":{"interviewed":""},"phototext":{"text_author":"","text_photo":""},"video":{"video_source":""},"promotion":{"action":"default","action_data":""},"categories_list":[{"name":"Fadiga Ocular","id":195,"slug":"fatiga-ocular-pt-pt","parent":0,"template":"default"}],"visible_author":"Camilo Franco","_links":{"self":[{"href":"https:\/\/pisofranco.gal\/pt-pt\/api\/wp\/v2\/posts\/316449"}],"collection":[{"href":"https:\/\/pisofranco.gal\/pt-pt\/api\/wp\/v2\/posts"}],"about":[{"href":"https:\/\/pisofranco.gal\/pt-pt\/api\/wp\/v2\/types\/post"}],"author":[{"embeddable":true,"href":"https:\/\/pisofranco.gal\/pt-pt\/api\/wp\/v2\/users\/51"}],"replies":[{"embeddable":true,"href":"https:\/\/pisofranco.gal\/pt-pt\/api\/wp\/v2\/comments?post=316449"}],"version-history":[{"count":2,"href":"https:\/\/pisofranco.gal\/pt-pt\/api\/wp\/v2\/posts\/316449\/revisions"}],"predecessor-version":[{"id":316504,"href":"https:\/\/pisofranco.gal\/pt-pt\/api\/wp\/v2\/posts\/316449\/revisions\/316504"}],"wp:featuredmedia":[{"embeddable":true,"href":"https:\/\/pisofranco.gal\/pt-pt\/api\/wp\/v2\/media\/314156"}],"wp:attachment":[{"href":"https:\/\/pisofranco.gal\/pt-pt\/api\/wp\/v2\/media?parent=316449"}],"wp:term":[{"taxonomy":"category","embeddable":true,"href":"https:\/\/pisofranco.gal\/pt-pt\/api\/wp\/v2\/categories?post=316449"},{"taxonomy":"post_tag","embeddable":true,"href":"https:\/\/pisofranco.gal\/pt-pt\/api\/wp\/v2\/tags?post=316449"}],"curies":[{"name":"wp","href":"https:\/\/api.w.org\/{rel}","templated":true}]}}