{"id":321301,"date":"2022-12-22T20:47:12","date_gmt":"2022-12-22T19:47:12","guid":{"rendered":"https:\/\/pisofranco.gal\/artigos\/2022\/12\/22\/con-propiedade-321301\/"},"modified":"2022-12-22T21:04:58","modified_gmt":"2022-12-22T20:04:58","slug":"con-propiedade","status":"publish","type":"post","link":"https:\/\/pisofranco.gal\/pt-pt\/artigos\/2022\/12\/22\/con-propiedade-321301\/","title":{"rendered":"Com propriedade"},"content":{"rendered":"<p>Lolo apareceu um dia na vizinhan\u00e7a, apontando para o c\u00e9u com um gesto de eleg\u00e2ncia exagerada, como se tivesse estudado numa escola de padres e tivesse os ares de um director. Lolo, para n\u00f3s, foi um pouco lido. No m\u00e1ximo, ach\u00e1mo-lo engra\u00e7ado ou curioso ou estranho. Ou simplesmente diferente.<\/p><p>Ap\u00f3s tr\u00eas dias de passeio pelo parque, Lolo juntou-se a n\u00f3s e tornou-se um ap\u00eandice muito embara\u00e7oso para a maldade e muito \u00fatil \u00e0 frente dos adultos porque falava de forma diferente de n\u00f3s. Lolo alegou que quando tinha oito anos de idade tinha sido raptado pelos Selenitas, tinha viajado numa nave espacial revestida de l\u00e1tex e tinha sido abandonado numa parcela de terreno suburbano. Ele falou assim. Explicou que os Selenitas n\u00e3o eram antropom\u00f3rficos e que tinham enfiado v\u00e1rios instrumentos afiados no seu corpo para medir a sua hemoglobina.<\/p><p>Ap\u00f3s o riso inicial e a zombaria, sentimos um certo respeito por esta forma de nos expressarmos com distin\u00e7\u00e3o, e por isso rol\u00e1vamos uma e outra vez para ouvir que o foguet\u00e3o era fusiforme e que a ilumina\u00e7\u00e3o no seu interior era zenital. De tempos a tempos ele aparecia e dizia-nos que tinha chegado ao parque peripateticamente ou que \u00e9ramos racialmente caucasianos.<\/p><p>Uma noite sa\u00edmos da Alameda e o autocarro suburbano que ia para Pi\u00f1or atirou-o contra o pavimento. Envolvemo-nos \u00e0 sua volta para o acalmar. Ele era r\u00edgido, mas n\u00e3o parecia estar a sofrer. Repar\u00e1mos que o seu rosto estava muito frio. Chegou em frente e olhou-nos calmamente antes de anunciar: Vou ser como o meu pai, cri\u00f3nico para toda a vida.<\/p><p><\/p><p><\/p><p class=\"wp-block-verse\">Xabier Loureiro prop\u00f4s as palavras &#8220;cri\u00f3nico&#8221; e &#8220;suburbano&#8221;. Publicado em Vieiros.com em 1999; Editorial Galaxia em 2003.<\/p>","protected":false},"excerpt":{"rendered":"<p>Lolo apareceu um dia na vizinhan\u00e7a, apontando para o c\u00e9u com um gesto de eleg\u00e2ncia exagerada, como se tivesse estudado numa escola de padres e tivesse os ares de um director. Lolo, para n\u00f3s, foi um pouco lido. No m\u00e1ximo, ach\u00e1mo-lo engra\u00e7ado ou curioso ou estranho. Ou simplesmente diferente. Ap\u00f3s tr\u00eas dias de passeio pelo &hellip;<\/p>\n","protected":false},"author":51,"featured_media":321211,"comment_status":"closed","ping_status":"closed","sticky":false,"template":"","format":"standard","meta":{"_acf_changed":false,"footnotes":""},"categories":[258,245],"tags":[],"class_list":["post-321301","post","type-post","status-publish","format-standard","has-post-thumbnail","hentry","category-por-conto-alheio","category-libros-pt"],"acf":[],"post_template":"default","post_subscription":"no","pretitle":"","content_extract":"Lolo apareceu um dia na vizinhan\u00e7a, apontando para o c\u00e9u com um gesto de eleg\u00e2ncia exagerada, como se tivesse estudado numa escola de padres e tivesse os ares de um director. Lolo, para n\u00f3s, foi um pouco lido. No m\u00e1ximo, ach\u00e1mo-lo engra\u00e7ado ou curioso ou estranho. Ou simplesmente diferente. Ap\u00f3s tr\u00eas dias de passeio pelo...","reading_data":{"word_count":"281","reading_seconds":"67","reading_time":{"minutes":1,"hours":0,"seconds":7},"reading_string":"1'7''","reading_human":"1 minuto"},"announcement":{"finishdate":"","finishdate_text":""},"opinion":{"subject":"","subject_info":[]},"event_info":{"startdate":"","starttime":"","enddate":"","endtime":"","entertainer":null},"interview":{"interviewed":""},"phototext":{"text_author":"","text_photo":""},"video":{"video_source":""},"promotion":{"action":"default","action_data":""},"categories_list":[{"name":"Livros","id":245,"slug":"libros-pt","parent":0,"template":"books"},{"name":"Por Conto Alheio","id":258,"slug":"por-conto-alheio","parent":245,"template":"default"}],"visible_author":"Camilo Franco","_links":{"self":[{"href":"https:\/\/pisofranco.gal\/pt-pt\/api\/wp\/v2\/posts\/321301"}],"collection":[{"href":"https:\/\/pisofranco.gal\/pt-pt\/api\/wp\/v2\/posts"}],"about":[{"href":"https:\/\/pisofranco.gal\/pt-pt\/api\/wp\/v2\/types\/post"}],"author":[{"embeddable":true,"href":"https:\/\/pisofranco.gal\/pt-pt\/api\/wp\/v2\/users\/51"}],"replies":[{"embeddable":true,"href":"https:\/\/pisofranco.gal\/pt-pt\/api\/wp\/v2\/comments?post=321301"}],"version-history":[{"count":1,"href":"https:\/\/pisofranco.gal\/pt-pt\/api\/wp\/v2\/posts\/321301\/revisions"}],"predecessor-version":[{"id":321361,"href":"https:\/\/pisofranco.gal\/pt-pt\/api\/wp\/v2\/posts\/321301\/revisions\/321361"}],"wp:featuredmedia":[{"embeddable":true,"href":"https:\/\/pisofranco.gal\/pt-pt\/api\/wp\/v2\/media\/321211"}],"wp:attachment":[{"href":"https:\/\/pisofranco.gal\/pt-pt\/api\/wp\/v2\/media?parent=321301"}],"wp:term":[{"taxonomy":"category","embeddable":true,"href":"https:\/\/pisofranco.gal\/pt-pt\/api\/wp\/v2\/categories?post=321301"},{"taxonomy":"post_tag","embeddable":true,"href":"https:\/\/pisofranco.gal\/pt-pt\/api\/wp\/v2\/tags?post=321301"}],"curies":[{"name":"wp","href":"https:\/\/api.w.org\/{rel}","templated":true}]}}