{"id":326688,"date":"2023-01-03T15:50:36","date_gmt":"2023-01-03T14:50:36","guid":{"rendered":"https:\/\/pisofranco.gal\/artigos\/2023\/01\/03\/an-326688\/"},"modified":"2023-01-03T19:23:11","modified_gmt":"2023-01-03T18:23:11","slug":"an","status":"publish","type":"post","link":"https:\/\/pisofranco.gal\/pt-pt\/artigos\/2023\/01\/03\/an-326688\/","title":{"rendered":"Antes da humidade"},"content":{"rendered":"","protected":false},"excerpt":{"rendered":"<p>Se olharmos para a decora\u00e7\u00e3o m\u00ednima do Pante\u00f3n de Gallegos Ilustres, teremos de pensar que a recep\u00e7\u00e3o dada aos restos mortais de Alfonso Daniel Rodr\u00edguez Castelao quando regressaram de Buenos Aires foi exagerada. Com o exagero dos convertidos. Com a marca registada de saber que o problema n\u00e3o era o p\u00f3 que restava do senhor &hellip;<\/p>\n","protected":false},"author":51,"featured_media":326600,"comment_status":"closed","ping_status":"closed","sticky":false,"template":"","format":"standard","meta":{"_acf_changed":false,"footnotes":""},"categories":[195],"tags":[],"class_list":["post-326688","post","type-post","status-publish","format-standard","has-post-thumbnail","hentry","category-fatiga-ocular-pt-pt"],"acf":[],"post_template":"default","post_subscription":"yes","pretitle":"","content_extract":"Se olharmos para a decora\u00e7\u00e3o m\u00ednima do Pante\u00f3n de Gallegos Ilustres, teremos de pensar que a recep\u00e7\u00e3o dada aos restos mortais de Alfonso Daniel Rodr\u00edguez Castelao quando regressaram de Buenos Aires foi exagerada. Com o exagero dos convertidos. Com a marca registada de saber que o problema n\u00e3o era o p\u00f3 que restava do senhor...","reading_data":{"word_count":"763","reading_seconds":"183","reading_time":{"minutes":3,"hours":0,"seconds":3},"reading_string":"3'3''","reading_human":"3 minutos"},"announcement":{"finishdate":"","finishdate_text":""},"opinion":{"subject":"","subject_info":[]},"event_info":{"startdate":"","starttime":"","enddate":"","endtime":"","entertainer":null},"interview":{"interviewed":""},"phototext":{"text_author":"","text_photo":""},"video":{"video_source":""},"promotion":{"action":"default","action_data":""},"categories_list":[{"name":"Fadiga Ocular","id":195,"slug":"fatiga-ocular-pt-pt","parent":0,"template":"default"}],"visible_author":"Camilo Franco","_links":{"self":[{"href":"https:\/\/pisofranco.gal\/pt-pt\/api\/wp\/v2\/posts\/326688"}],"collection":[{"href":"https:\/\/pisofranco.gal\/pt-pt\/api\/wp\/v2\/posts"}],"about":[{"href":"https:\/\/pisofranco.gal\/pt-pt\/api\/wp\/v2\/types\/post"}],"author":[{"embeddable":true,"href":"https:\/\/pisofranco.gal\/pt-pt\/api\/wp\/v2\/users\/51"}],"replies":[{"embeddable":true,"href":"https:\/\/pisofranco.gal\/pt-pt\/api\/wp\/v2\/comments?post=326688"}],"version-history":[{"count":2,"href":"https:\/\/pisofranco.gal\/pt-pt\/api\/wp\/v2\/posts\/326688\/revisions"}],"predecessor-version":[{"id":327063,"href":"https:\/\/pisofranco.gal\/pt-pt\/api\/wp\/v2\/posts\/326688\/revisions\/327063"}],"wp:featuredmedia":[{"embeddable":true,"href":"https:\/\/pisofranco.gal\/pt-pt\/api\/wp\/v2\/media\/326600"}],"wp:attachment":[{"href":"https:\/\/pisofranco.gal\/pt-pt\/api\/wp\/v2\/media?parent=326688"}],"wp:term":[{"taxonomy":"category","embeddable":true,"href":"https:\/\/pisofranco.gal\/pt-pt\/api\/wp\/v2\/categories?post=326688"},{"taxonomy":"post_tag","embeddable":true,"href":"https:\/\/pisofranco.gal\/pt-pt\/api\/wp\/v2\/tags?post=326688"}],"curies":[{"name":"wp","href":"https:\/\/api.w.org\/{rel}","templated":true}]}}