{"id":344450,"date":"2023-02-11T09:00:54","date_gmt":"2023-02-11T08:00:54","guid":{"rendered":"https:\/\/pisofranco.gal\/artigos\/2023\/02\/11\/facebook-era-isto-2-344450\/"},"modified":"2023-02-14T00:39:49","modified_gmt":"2023-02-13T23:39:49","slug":"facebook-era-isto-2","status":"publish","type":"post","link":"https:\/\/pisofranco.gal\/pt-pt\/artigos\/2023\/02\/11\/facebook-era-isto-2-344450\/","title":{"rendered":"9 | Facebook foi isso"},"content":{"rendered":"","protected":false},"excerpt":{"rendered":"<p>Pergunta secreta: Quem vive no anan\u00e1s sob o mar?Resposta: Presidente da C\u00e2mara EsponjaTrabalho na C\u00e2mara Municipal, estou mais interessado nas mulheres do que nos homens, estudei em Ourense. E fotografias, agora devo colocar fotografias. O dos cartazes serve. Em que \u00e9 que est\u00e1 a pensar. \u00c9 tido como certo que eu penso algo e talvez &hellip;<\/p>\n","protected":false},"author":51,"featured_media":344342,"comment_status":"closed","ping_status":"closed","sticky":false,"template":"","format":"standard","meta":{"_acf_changed":false,"footnotes":""},"categories":[248,245],"tags":[],"class_list":["post-344450","post","type-post","status-publish","format-standard","has-post-thumbnail","hentry","category-balada-triste-de-moqueta-pt-pt","category-libros-pt"],"acf":[],"post_template":"narrativa","post_subscription":"yes","pretitle":"","content_extract":"Pergunta secreta: Quem vive no anan\u00e1s sob o mar?Resposta: Presidente da C\u00e2mara EsponjaTrabalho na C\u00e2mara Municipal, estou mais interessado nas mulheres do que nos homens, estudei em Ourense. E fotografias, agora devo colocar fotografias. O dos cartazes serve. Em que \u00e9 que est\u00e1 a pensar. \u00c9 tido como certo que eu penso algo e talvez...","reading_data":{"word_count":"312","reading_seconds":"74","reading_time":{"minutes":1,"hours":0,"seconds":14},"reading_string":"1'14''","reading_human":"1 minuto"},"announcement":{"finishdate":"","finishdate_text":""},"opinion":{"subject":"","subject_info":[]},"event_info":{"startdate":"","starttime":"","enddate":"","endtime":"","entertainer":null},"interview":{"interviewed":""},"phototext":{"text_author":"","text_photo":""},"video":{"video_source":""},"promotion":{"action":"default","action_data":""},"categories_list":[{"name":"Livros","id":245,"slug":"libros-pt","parent":0,"template":"books"},{"name":"Blues da alcatifa","id":248,"slug":"balada-triste-de-moqueta-pt-pt","parent":245,"template":"default"}],"visible_author":"Camilo Franco","_links":{"self":[{"href":"https:\/\/pisofranco.gal\/pt-pt\/api\/wp\/v2\/posts\/344450"}],"collection":[{"href":"https:\/\/pisofranco.gal\/pt-pt\/api\/wp\/v2\/posts"}],"about":[{"href":"https:\/\/pisofranco.gal\/pt-pt\/api\/wp\/v2\/types\/post"}],"author":[{"embeddable":true,"href":"https:\/\/pisofranco.gal\/pt-pt\/api\/wp\/v2\/users\/51"}],"replies":[{"embeddable":true,"href":"https:\/\/pisofranco.gal\/pt-pt\/api\/wp\/v2\/comments?post=344450"}],"version-history":[{"count":3,"href":"https:\/\/pisofranco.gal\/pt-pt\/api\/wp\/v2\/posts\/344450\/revisions"}],"predecessor-version":[{"id":345900,"href":"https:\/\/pisofranco.gal\/pt-pt\/api\/wp\/v2\/posts\/344450\/revisions\/345900"}],"wp:featuredmedia":[{"embeddable":true,"href":"https:\/\/pisofranco.gal\/pt-pt\/api\/wp\/v2\/media\/344342"}],"wp:attachment":[{"href":"https:\/\/pisofranco.gal\/pt-pt\/api\/wp\/v2\/media?parent=344450"}],"wp:term":[{"taxonomy":"category","embeddable":true,"href":"https:\/\/pisofranco.gal\/pt-pt\/api\/wp\/v2\/categories?post=344450"},{"taxonomy":"post_tag","embeddable":true,"href":"https:\/\/pisofranco.gal\/pt-pt\/api\/wp\/v2\/tags?post=344450"}],"curies":[{"name":"wp","href":"https:\/\/api.w.org\/{rel}","templated":true}]}}