{"id":371028,"date":"2023-04-23T22:25:58","date_gmt":"2023-04-23T20:25:58","guid":{"rendered":"https:\/\/pisofranco.gal\/artigos\/2023\/04\/23\/ga-371028\/"},"modified":"2023-04-23T22:43:33","modified_gmt":"2023-04-23T20:43:33","slug":"ga","status":"publish","type":"post","link":"https:\/\/pisofranco.gal\/pt-pt\/artigos\/2023\/04\/23\/ga-371028\/","title":{"rendered":"Galiza Selenita"},"content":{"rendered":"","protected":false},"excerpt":{"rendered":"<p>A Galiza pode n\u00e3o precisar de independ\u00eancia. Nem de soberania. N\u00e3o \u00e9 um pa\u00eds deste planeta. \u00c9 um pa\u00eds extraterrestre que precisa de decis\u00f5es que n\u00e3o parecem pertencer a este mundo. A Galiza \u00e9 um espa\u00e7o que se parece com o cinema dos anos 50. Alguns dias \u00e9 invadida por vespas assassinas sem o Super-Homem &hellip;<\/p>\n","protected":false},"author":51,"featured_media":370994,"comment_status":"closed","ping_status":"closed","sticky":false,"template":"","format":"standard","meta":{"_acf_changed":false,"footnotes":""},"categories":[83],"tags":[],"class_list":["post-371028","post","type-post","status-publish","format-standard","has-post-thumbnail","hentry","category-fototexto-pt"],"acf":[],"post_template":"fototexto","post_subscription":"yes","pretitle":"","content_extract":"A Galiza pode n\u00e3o precisar de independ\u00eancia. Nem de soberania. N\u00e3o \u00e9 um pa\u00eds deste planeta. \u00c9 um pa\u00eds extraterrestre que precisa de decis\u00f5es que n\u00e3o parecem pertencer a este mundo. A Galiza \u00e9 um espa\u00e7o que se parece com o cinema dos anos 50. Alguns dias \u00e9 invadida por vespas assassinas sem o Super-Homem...","reading_data":{"word_count":"320","reading_seconds":"76","reading_time":{"minutes":1,"hours":0,"seconds":16},"reading_string":"1'16''","reading_human":"1 minuto"},"announcement":{"finishdate":"","finishdate_text":""},"opinion":{"subject":"","subject_info":[]},"event_info":{"startdate":"","starttime":"","enddate":"","endtime":"","entertainer":null},"interview":{"interviewed":""},"phototext":{"text_author":"Camilo Franco","text_photo":"Nacho G\u00f3mez"},"video":{"video_source":""},"promotion":{"action":"default","action_data":""},"categories_list":[{"name":"Mais que palavras","id":83,"slug":"fototexto-pt","parent":0,"template":"default"}],"visible_author":"Camilo Franco","_links":{"self":[{"href":"https:\/\/pisofranco.gal\/pt-pt\/api\/wp\/v2\/posts\/371028"}],"collection":[{"href":"https:\/\/pisofranco.gal\/pt-pt\/api\/wp\/v2\/posts"}],"about":[{"href":"https:\/\/pisofranco.gal\/pt-pt\/api\/wp\/v2\/types\/post"}],"author":[{"embeddable":true,"href":"https:\/\/pisofranco.gal\/pt-pt\/api\/wp\/v2\/users\/51"}],"replies":[{"embeddable":true,"href":"https:\/\/pisofranco.gal\/pt-pt\/api\/wp\/v2\/comments?post=371028"}],"version-history":[{"count":1,"href":"https:\/\/pisofranco.gal\/pt-pt\/api\/wp\/v2\/posts\/371028\/revisions"}],"predecessor-version":[{"id":371085,"href":"https:\/\/pisofranco.gal\/pt-pt\/api\/wp\/v2\/posts\/371028\/revisions\/371085"}],"wp:featuredmedia":[{"embeddable":true,"href":"https:\/\/pisofranco.gal\/pt-pt\/api\/wp\/v2\/media\/370994"}],"wp:attachment":[{"href":"https:\/\/pisofranco.gal\/pt-pt\/api\/wp\/v2\/media?parent=371028"}],"wp:term":[{"taxonomy":"category","embeddable":true,"href":"https:\/\/pisofranco.gal\/pt-pt\/api\/wp\/v2\/categories?post=371028"},{"taxonomy":"post_tag","embeddable":true,"href":"https:\/\/pisofranco.gal\/pt-pt\/api\/wp\/v2\/tags?post=371028"}],"curies":[{"name":"wp","href":"https:\/\/api.w.org\/{rel}","templated":true}]}}