{"id":374870,"date":"2023-05-06T14:50:33","date_gmt":"2023-05-06T12:50:33","guid":{"rendered":"https:\/\/pisofranco.gal\/artigos\/2023\/05\/06\/dia-da-nai-374870\/"},"modified":"2023-05-06T17:41:55","modified_gmt":"2023-05-06T15:41:55","slug":"dia-da-nai","status":"publish","type":"post","link":"https:\/\/pisofranco.gal\/pt-pt\/artigos\/2023\/05\/06\/dia-da-nai-374870\/","title":{"rendered":"Dia da M\u00e3e"},"content":{"rendered":"","protected":false},"excerpt":{"rendered":"<p>\u2013N\u00e3o deixes o c\u00e3o aqui.\u2013N\u00e3o tenho tempo agora. Quando eu voltar da reuni\u00e3o.\u2013Essa reuni\u00e3o&#8230; n\u00e3o voltar\u00e1s com disposi\u00e7\u00e3o. \u2013Vai a p\u00e9? Leva o c\u00e3o contigo. N\u00e3o os incomoda mais do que j\u00e1 os incomoda ter de o conhecer. Obedeceu, prendendo Perico \u00e0 trela enquanto se convencia de que o c\u00e3o seria o \u00fanico amig\u00e1vel no &hellip;<\/p>\n","protected":false},"author":51,"featured_media":374476,"comment_status":"closed","ping_status":"closed","sticky":false,"template":"","format":"standard","meta":{"_acf_changed":false,"footnotes":""},"categories":[205,84],"tags":[],"class_list":["post-374870","post","type-post","status-publish","format-standard","has-post-thumbnail","hentry","category-portada-pt-pt","category-narrativa-pt"],"acf":[],"post_template":"narrativa","post_subscription":"yes","pretitle":"","content_extract":"\u2013N\u00e3o deixes o c\u00e3o aqui.\u2013N\u00e3o tenho tempo agora. Quando eu voltar da reuni\u00e3o.\u2013Essa reuni\u00e3o... n\u00e3o voltar\u00e1s com disposi\u00e7\u00e3o. \u2013Vai a p\u00e9? Leva o c\u00e3o contigo. N\u00e3o os incomoda mais do que j\u00e1 os incomoda ter de o conhecer. Obedeceu, prendendo Perico \u00e0 trela enquanto se convencia de que o c\u00e3o seria o \u00fanico amig\u00e1vel no...","reading_data":{"word_count":"1348","reading_seconds":"323","reading_time":{"minutes":5,"hours":0,"seconds":23},"reading_string":"5'23''","reading_human":"5 minutos"},"announcement":{"finishdate":"","finishdate_text":""},"opinion":{"subject":"","subject_info":[]},"event_info":{"startdate":"","starttime":"","enddate":"","endtime":"","entertainer":null},"interview":{"interviewed":""},"phototext":{"text_author":"","text_photo":""},"video":{"video_source":""},"promotion":{"action":"default","action_data":""},"categories_list":[{"name":"Narrativa","id":84,"slug":"narrativa-pt","parent":0,"template":"default"}],"visible_author":"Camilo Franco","_links":{"self":[{"href":"https:\/\/pisofranco.gal\/pt-pt\/api\/wp\/v2\/posts\/374870"}],"collection":[{"href":"https:\/\/pisofranco.gal\/pt-pt\/api\/wp\/v2\/posts"}],"about":[{"href":"https:\/\/pisofranco.gal\/pt-pt\/api\/wp\/v2\/types\/post"}],"author":[{"embeddable":true,"href":"https:\/\/pisofranco.gal\/pt-pt\/api\/wp\/v2\/users\/51"}],"replies":[{"embeddable":true,"href":"https:\/\/pisofranco.gal\/pt-pt\/api\/wp\/v2\/comments?post=374870"}],"version-history":[{"count":1,"href":"https:\/\/pisofranco.gal\/pt-pt\/api\/wp\/v2\/posts\/374870\/revisions"}],"predecessor-version":[{"id":374940,"href":"https:\/\/pisofranco.gal\/pt-pt\/api\/wp\/v2\/posts\/374870\/revisions\/374940"}],"wp:featuredmedia":[{"embeddable":true,"href":"https:\/\/pisofranco.gal\/pt-pt\/api\/wp\/v2\/media\/374476"}],"wp:attachment":[{"href":"https:\/\/pisofranco.gal\/pt-pt\/api\/wp\/v2\/media?parent=374870"}],"wp:term":[{"taxonomy":"category","embeddable":true,"href":"https:\/\/pisofranco.gal\/pt-pt\/api\/wp\/v2\/categories?post=374870"},{"taxonomy":"post_tag","embeddable":true,"href":"https:\/\/pisofranco.gal\/pt-pt\/api\/wp\/v2\/tags?post=374870"}],"curies":[{"name":"wp","href":"https:\/\/api.w.org\/{rel}","templated":true}]}}