{"id":423512,"date":"2024-02-20T23:28:00","date_gmt":"2024-02-20T22:28:00","guid":{"rendered":"https:\/\/pisofranco.gal\/artigos\/2024\/02\/20\/a-porta-ao-cabo-do-tunel-423512\/"},"modified":"2024-02-20T23:53:05","modified_gmt":"2024-02-20T22:53:05","slug":"a-porta-ao-cabo-do-tunel","status":"publish","type":"post","link":"https:\/\/pisofranco.gal\/pt-pt\/artigos\/2024\/02\/20\/a-porta-ao-cabo-do-tunel-423512\/","title":{"rendered":"A porta ao fundo do t\u00fanel"},"content":{"rendered":"<p>Como o capitalismo \u00e9 inexor\u00e1vel, ao fundo dos t\u00faneis, em vez de luz, h\u00e1 uma porta. A porta marca se temos direito \u00e0 luz salvadora ou se temos de permanecer na zona de sombra. Um balc\u00e3o com n\u00fameros muito limitados. O estado natural das portas \u00e9 permanecerem fechadas. Se estivessem sempre abertas, poder\u00edamos vend\u00ea-las e, com o dinheiro, virar o capitalismo do avesso. Se ao menos soub\u00e9ssemos o que fazer. Essa porta s\u00f3 se abrir\u00e1 quando a arrombarmos.<\/p><p>Mesmo que o passado nem sempre seja melhor, os t\u00faneis costumavam ser em linha reta. N\u00e3o foi por nada, foi por uma defici\u00eancia construtiva. Mas tudo pode ser melhorado. Agora h\u00e1 t\u00faneis curvos e, mesmo que a raz\u00e3o n\u00e3o explique corretamente o motivo da curva no interior, atravess\u00e1-los tornou-se muito mais dif\u00edcil. Devia ter sido esse o objetivo, tornar tudo mais dif\u00edcil.<\/p><p>Foi Paul McCartney que afirmou que no fim da longa e tortuosa estrada tinha de haver uma porta que, uma vez atravessada, seria uma porta.Uma porta que, uma vez atravessada, acabaria com as dificuldades de caminhar. \u00c9 preciso chegar ao limiar e depois tentar empurrar. \u00c9 no ato de empurrar que come\u00e7am as d\u00favidas. H\u00e1 quem prefira a suavidade e h\u00e1 governantes que preferem o pontap\u00e9.<\/p><p>Nos tempos actuais, ao fundo dos t\u00faneis h\u00e1 portas que est\u00e3o naturalmente destinadas a ser trancadas. T\u00eam fechaduras e chaves, mas dizem-nos sempre que n\u00e3o as podemos abrir diretamente. Que n\u00e3o temos habilidade, n\u00e3o temos capacidade. Nem maturidade. Quem n\u00e3o tem passe, n\u00e3o passa. Sabemos que h\u00e1 luz do outro lado e talvez o melhor a fazer n\u00e3o seja fechar as portas mas sim os t\u00faneis.<\/p>","protected":false},"excerpt":{"rendered":"<p>Como o capitalismo \u00e9 inexor\u00e1vel, ao fundo dos t\u00faneis, em vez de luz, h\u00e1 uma porta. A porta marca se temos direito \u00e0 luz salvadora ou se temos de permanecer na zona de sombra. Um balc\u00e3o com n\u00fameros muito limitados. O estado natural das portas \u00e9 permanecerem fechadas. Se estivessem sempre abertas, poder\u00edamos vend\u00ea-las e, &hellip;<\/p>\n","protected":false},"author":51,"featured_media":423463,"comment_status":"closed","ping_status":"closed","sticky":false,"template":"","format":"standard","meta":{"_acf_changed":false,"footnotes":""},"categories":[83],"tags":[],"class_list":["post-423512","post","type-post","status-publish","format-standard","has-post-thumbnail","hentry","category-fototexto-pt"],"acf":[],"post_template":"fototexto","post_subscription":"no","pretitle":"","content_extract":"Como o capitalismo \u00e9 inexor\u00e1vel, ao fundo dos t\u00faneis, em vez de luz, h\u00e1 uma porta. A porta marca se temos direito \u00e0 luz salvadora ou se temos de permanecer na zona de sombra. Um balc\u00e3o com n\u00fameros muito limitados. O estado natural das portas \u00e9 permanecerem fechadas. Se estivessem sempre abertas, poder\u00edamos vend\u00ea-las e,...","reading_data":{"word_count":"274","reading_seconds":"65","reading_time":{"minutes":1,"hours":0,"seconds":5},"reading_string":"1'5''","reading_human":"1 minuto"},"announcement":{"finishdate":"","finishdate_text":""},"opinion":{"subject":"","subject_info":[]},"event_info":{"startdate":"","starttime":"","enddate":"","endtime":"","entertainer":null},"interview":{"interviewed":""},"phototext":{"text_author":"Camilo Franco","text_photo":"Moncho Fuentes"},"video":{"video_source":""},"promotion":{"action":"default","action_data":""},"categories_list":[{"name":"Mais que palavras","id":83,"slug":"fototexto-pt","parent":0,"template":"default"}],"visible_author":"Camilo Franco","_links":{"self":[{"href":"https:\/\/pisofranco.gal\/pt-pt\/api\/wp\/v2\/posts\/423512"}],"collection":[{"href":"https:\/\/pisofranco.gal\/pt-pt\/api\/wp\/v2\/posts"}],"about":[{"href":"https:\/\/pisofranco.gal\/pt-pt\/api\/wp\/v2\/types\/post"}],"author":[{"embeddable":true,"href":"https:\/\/pisofranco.gal\/pt-pt\/api\/wp\/v2\/users\/51"}],"replies":[{"embeddable":true,"href":"https:\/\/pisofranco.gal\/pt-pt\/api\/wp\/v2\/comments?post=423512"}],"version-history":[{"count":1,"href":"https:\/\/pisofranco.gal\/pt-pt\/api\/wp\/v2\/posts\/423512\/revisions"}],"predecessor-version":[{"id":423561,"href":"https:\/\/pisofranco.gal\/pt-pt\/api\/wp\/v2\/posts\/423512\/revisions\/423561"}],"wp:featuredmedia":[{"embeddable":true,"href":"https:\/\/pisofranco.gal\/pt-pt\/api\/wp\/v2\/media\/423463"}],"wp:attachment":[{"href":"https:\/\/pisofranco.gal\/pt-pt\/api\/wp\/v2\/media?parent=423512"}],"wp:term":[{"taxonomy":"category","embeddable":true,"href":"https:\/\/pisofranco.gal\/pt-pt\/api\/wp\/v2\/categories?post=423512"},{"taxonomy":"post_tag","embeddable":true,"href":"https:\/\/pisofranco.gal\/pt-pt\/api\/wp\/v2\/tags?post=423512"}],"curies":[{"name":"wp","href":"https:\/\/api.w.org\/{rel}","templated":true}]}}