{"id":457744,"date":"2024-09-15T12:01:56","date_gmt":"2024-09-15T10:01:56","guid":{"rendered":"https:\/\/pisofranco.gal\/artigos\/2024\/09\/15\/desequilibrio-interior-457744\/"},"modified":"2024-09-15T12:10:26","modified_gmt":"2024-09-15T10:10:26","slug":"desequilibrio-interior","status":"publish","type":"post","link":"https:\/\/pisofranco.gal\/pt-pt\/artigos\/2024\/09\/15\/desequilibrio-interior-457744\/","title":{"rendered":"Desequil\u00edbrio interior"},"content":{"rendered":"<p>A espiral da fome n\u00e3o afectou todos por igual. A mis\u00e9ria n\u00e3o \u00e9 a mesma em todas as partes do mundo porque, mesmo que n\u00e3o queiramos compreend\u00ea-lo, os adjectivos s\u00e3o relativos. A falta de cereais obrigou uma parte da popula\u00e7\u00e3o a descapitalizar-se, a desfazer-se dos seus bens: animais, terras, objectos de valor. Em termos econ\u00f3micos, \u00e9 o empobrecimento. Mas o N\u00edger j\u00e1 n\u00e3o era um pa\u00eds rico e uma parte da sua popula\u00e7\u00e3o n\u00e3o podia descapitalizar-se de todo. Quando a vaga de fome chegou, s\u00f3 lhes restava resistir ou fazer-se \u00e0 estrada. Fizeram as duas coisas. As mulheres sa\u00edram para a estrada e as crian\u00e7as tentaram resistir. Mas a biologia n\u00e3o \u00e9 social-democrata.<\/p>","protected":false},"excerpt":{"rendered":"<p>A espiral da fome n\u00e3o afectou todos por igual. A mis\u00e9ria n\u00e3o \u00e9 a mesma em todas as partes do mundo porque, mesmo que n\u00e3o queiramos compreend\u00ea-lo, os adjectivos s\u00e3o relativos. A falta de cereais obrigou uma parte da popula\u00e7\u00e3o a descapitalizar-se, a desfazer-se dos seus bens: animais, terras, objectos de valor. Em termos econ\u00f3micos, &hellip;<\/p>\n","protected":false},"author":51,"featured_media":457706,"comment_status":"closed","ping_status":"closed","sticky":false,"template":"","format":"standard","meta":{"_acf_changed":false,"footnotes":""},"categories":[298,245],"tags":[],"class_list":["post-457744","post","type-post","status-publish","format-standard","has-post-thumbnail","hentry","category-niger-pt-pt","category-libros-pt"],"acf":[],"post_template":"narrativa","post_subscription":"no","pretitle":"","content_extract":"A espiral da fome n\u00e3o afectou todos por igual. A mis\u00e9ria n\u00e3o \u00e9 a mesma em todas as partes do mundo porque, mesmo que n\u00e3o queiramos compreend\u00ea-lo, os adjectivos s\u00e3o relativos. A falta de cereais obrigou uma parte da popula\u00e7\u00e3o a descapitalizar-se, a desfazer-se dos seus bens: animais, terras, objectos de valor. Em termos econ\u00f3micos,...","reading_data":{"word_count":"115","reading_seconds":"27","reading_time":{"minutes":0,"hours":0,"seconds":27},"reading_string":"27''","reading_human":"<1 minuto"},"announcement":{"finishdate":"","finishdate_text":""},"opinion":{"subject":"","subject_info":[]},"event_info":{"startdate":"","starttime":"","enddate":"","endtime":"","entertainer":null},"interview":{"interviewed":""},"phototext":{"text_author":"","text_photo":""},"video":{"video_source":""},"promotion":{"action":"default","action_data":""},"categories_list":[{"name":"Livros","id":245,"slug":"libros-pt","parent":0,"template":"books"},{"name":"N\u00edger","id":298,"slug":"niger-pt-pt","parent":245,"template":"books"}],"visible_author":"Camilo Franco","_links":{"self":[{"href":"https:\/\/pisofranco.gal\/pt-pt\/api\/wp\/v2\/posts\/457744"}],"collection":[{"href":"https:\/\/pisofranco.gal\/pt-pt\/api\/wp\/v2\/posts"}],"about":[{"href":"https:\/\/pisofranco.gal\/pt-pt\/api\/wp\/v2\/types\/post"}],"author":[{"embeddable":true,"href":"https:\/\/pisofranco.gal\/pt-pt\/api\/wp\/v2\/users\/51"}],"replies":[{"embeddable":true,"href":"https:\/\/pisofranco.gal\/pt-pt\/api\/wp\/v2\/comments?post=457744"}],"version-history":[{"count":1,"href":"https:\/\/pisofranco.gal\/pt-pt\/api\/wp\/v2\/posts\/457744\/revisions"}],"predecessor-version":[{"id":457794,"href":"https:\/\/pisofranco.gal\/pt-pt\/api\/wp\/v2\/posts\/457744\/revisions\/457794"}],"wp:featuredmedia":[{"embeddable":true,"href":"https:\/\/pisofranco.gal\/pt-pt\/api\/wp\/v2\/media\/457706"}],"wp:attachment":[{"href":"https:\/\/pisofranco.gal\/pt-pt\/api\/wp\/v2\/media?parent=457744"}],"wp:term":[{"taxonomy":"category","embeddable":true,"href":"https:\/\/pisofranco.gal\/pt-pt\/api\/wp\/v2\/categories?post=457744"},{"taxonomy":"post_tag","embeddable":true,"href":"https:\/\/pisofranco.gal\/pt-pt\/api\/wp\/v2\/tags?post=457744"}],"curies":[{"name":"wp","href":"https:\/\/api.w.org\/{rel}","templated":true}]}}