{"id":47833,"date":"2021-03-20T12:11:25","date_gmt":"2021-03-20T11:11:25","guid":{"rendered":"https:\/\/pisofranco.gal\/2021\/03\/20\/previously-on-tondela-47833\/"},"modified":"2021-03-20T12:17:26","modified_gmt":"2021-03-20T11:17:26","slug":"previously-on-tondela","status":"publish","type":"post","link":"https:\/\/pisofranco.gal\/pt-pt\/artigos\/2021\/03\/20\/previously-on-tondela-47833\/","title":{"rendered":"Previously on Tondela"},"content":{"rendered":"","protected":false},"excerpt":{"rendered":"<p>Todas as caras que eu vejo remetem a uma anterior. Vivo em permanente d\u00e9j\u00e0 vu e cada rosto evidencia desmem\u00f3ria ou extravio. Vivo os passeios sem tranquilidade porque cada rosto que passo nas cal\u00e7adas, em vez de gritar igualdade como seria l\u00f3gico em tempos desequilibrados, grita: N\u00e3o te lembras de mim? E n\u00e3o me lembro. &hellip;<\/p>\n","protected":false},"author":51,"featured_media":47818,"comment_status":"closed","ping_status":"closed","sticky":false,"template":"","format":"standard","meta":{"_acf_changed":false,"footnotes":""},"categories":[84],"tags":[184,185],"class_list":["post-47833","post","type-post","status-publish","format-standard","has-post-thumbnail","hentry","category-narrativa-pt","tag-memoria-pt-pt","tag-tondela-pt-pt"],"acf":[],"post_template":"narrativa","post_subscription":"yes","pretitle":"","content_extract":"Todas as caras que eu vejo remetem a uma anterior. Vivo em permanente d\u00e9j\u00e0 vu e cada rosto evidencia desmem\u00f3ria ou extravio. Vivo os passeios sem tranquilidade porque cada rosto que passo nas cal\u00e7adas, em vez de gritar igualdade como seria l\u00f3gico em tempos desequilibrados, grita: N\u00e3o te lembras de mim? E n\u00e3o me lembro....","reading_data":{"word_count":"249","reading_seconds":"59","reading_time":{"minutes":1,"hours":0,"seconds":59},"reading_string":"59''","reading_human":"<1 minuto"},"announcement":{"finishdate":"","finishdate_text":""},"opinion":{"subject":"","subject_info":[]},"event_info":{"startdate":"","starttime":"","enddate":"","endtime":"","entertainer":null},"interview":{"interviewed":""},"phototext":{"text_author":"","text_photo":""},"video":{"video_source":""},"promotion":{"action":"default","action_data":""},"categories_list":[{"name":"Narrativa","id":84,"slug":"narrativa-pt","parent":0,"template":"default"}],"visible_author":"Camilo Franco","_links":{"self":[{"href":"https:\/\/pisofranco.gal\/pt-pt\/api\/wp\/v2\/posts\/47833"}],"collection":[{"href":"https:\/\/pisofranco.gal\/pt-pt\/api\/wp\/v2\/posts"}],"about":[{"href":"https:\/\/pisofranco.gal\/pt-pt\/api\/wp\/v2\/types\/post"}],"author":[{"embeddable":true,"href":"https:\/\/pisofranco.gal\/pt-pt\/api\/wp\/v2\/users\/51"}],"replies":[{"embeddable":true,"href":"https:\/\/pisofranco.gal\/pt-pt\/api\/wp\/v2\/comments?post=47833"}],"version-history":[{"count":1,"href":"https:\/\/pisofranco.gal\/pt-pt\/api\/wp\/v2\/posts\/47833\/revisions"}],"predecessor-version":[{"id":47892,"href":"https:\/\/pisofranco.gal\/pt-pt\/api\/wp\/v2\/posts\/47833\/revisions\/47892"}],"wp:featuredmedia":[{"embeddable":true,"href":"https:\/\/pisofranco.gal\/pt-pt\/api\/wp\/v2\/media\/47818"}],"wp:attachment":[{"href":"https:\/\/pisofranco.gal\/pt-pt\/api\/wp\/v2\/media?parent=47833"}],"wp:term":[{"taxonomy":"category","embeddable":true,"href":"https:\/\/pisofranco.gal\/pt-pt\/api\/wp\/v2\/categories?post=47833"},{"taxonomy":"post_tag","embeddable":true,"href":"https:\/\/pisofranco.gal\/pt-pt\/api\/wp\/v2\/tags?post=47833"}],"curies":[{"name":"wp","href":"https:\/\/api.w.org\/{rel}","templated":true}]}}