{"id":478836,"date":"2025-01-20T13:28:53","date_gmt":"2025-01-20T12:28:53","guid":{"rendered":"https:\/\/pisofranco.gal\/artigos\/2025\/01\/20\/todo-o-que-ves-sera-psiquiatrico-478836\/"},"modified":"2025-01-20T13:39:23","modified_gmt":"2025-01-20T12:39:23","slug":"todo-o-que-ves-sera-psiquiatrico","status":"publish","type":"post","link":"https:\/\/pisofranco.gal\/pt-pt\/artigos\/2025\/01\/20\/todo-o-que-ves-sera-psiquiatrico-478836\/","title":{"rendered":"Tudo o que vires ser\u00e1 psiqui\u00e1trico"},"content":{"rendered":"","protected":false},"excerpt":{"rendered":"<p>Quando o top\u00f3nimo To\u00e9n foi pronunciado em Ourense, algo de perturbador ou insultuoso ficou pendente, uma sombra, uma fic\u00e7\u00e3o. Como aconteceu ao citar Conxo em Santiago. Essa nuvem no horizonte do nome era um hospital psiqui\u00e1trico e a m\u00e1 consci\u00eancia de que quando se aponta algu\u00e9m como louco se pensa que se est\u00e1 a afirmar &hellip;<\/p>\n","protected":false},"author":51,"featured_media":478798,"comment_status":"closed","ping_status":"closed","sticky":false,"template":"","format":"standard","meta":{"_acf_changed":false,"footnotes":""},"categories":[83],"tags":[],"class_list":["post-478836","post","type-post","status-publish","format-standard","has-post-thumbnail","hentry","category-fototexto-pt"],"acf":[],"post_template":"fototexto","post_subscription":"yes","pretitle":"","content_extract":"Quando o top\u00f3nimo To\u00e9n foi pronunciado em Ourense, algo de perturbador ou insultuoso ficou pendente, uma sombra, uma fic\u00e7\u00e3o. Como aconteceu ao citar Conxo em Santiago. Essa nuvem no horizonte do nome era um hospital psiqui\u00e1trico e a m\u00e1 consci\u00eancia de que quando se aponta algu\u00e9m como louco se pensa que se est\u00e1 a afirmar...","reading_data":{"word_count":"265","reading_seconds":"63","reading_time":{"minutes":1,"hours":0,"seconds":3},"reading_string":"1'3''","reading_human":"1 minuto"},"announcement":{"finishdate":"","finishdate_text":""},"opinion":{"subject":"","subject_info":[]},"event_info":{"startdate":"","starttime":"","enddate":"","endtime":"","entertainer":null},"interview":{"interviewed":""},"phototext":{"text_author":"Camilo Franco","text_photo":"Nacho G\u00f3mez"},"video":{"video_source":""},"promotion":{"action":"default","action_data":""},"categories_list":[{"name":"Mais que palavras","id":83,"slug":"fototexto-pt","parent":0,"template":"default"}],"visible_author":"Camilo Franco","_links":{"self":[{"href":"https:\/\/pisofranco.gal\/pt-pt\/api\/wp\/v2\/posts\/478836"}],"collection":[{"href":"https:\/\/pisofranco.gal\/pt-pt\/api\/wp\/v2\/posts"}],"about":[{"href":"https:\/\/pisofranco.gal\/pt-pt\/api\/wp\/v2\/types\/post"}],"author":[{"embeddable":true,"href":"https:\/\/pisofranco.gal\/pt-pt\/api\/wp\/v2\/users\/51"}],"replies":[{"embeddable":true,"href":"https:\/\/pisofranco.gal\/pt-pt\/api\/wp\/v2\/comments?post=478836"}],"version-history":[{"count":2,"href":"https:\/\/pisofranco.gal\/pt-pt\/api\/wp\/v2\/posts\/478836\/revisions"}],"predecessor-version":[{"id":478977,"href":"https:\/\/pisofranco.gal\/pt-pt\/api\/wp\/v2\/posts\/478836\/revisions\/478977"}],"wp:featuredmedia":[{"embeddable":true,"href":"https:\/\/pisofranco.gal\/pt-pt\/api\/wp\/v2\/media\/478798"}],"wp:attachment":[{"href":"https:\/\/pisofranco.gal\/pt-pt\/api\/wp\/v2\/media?parent=478836"}],"wp:term":[{"taxonomy":"category","embeddable":true,"href":"https:\/\/pisofranco.gal\/pt-pt\/api\/wp\/v2\/categories?post=478836"},{"taxonomy":"post_tag","embeddable":true,"href":"https:\/\/pisofranco.gal\/pt-pt\/api\/wp\/v2\/tags?post=478836"}],"curies":[{"name":"wp","href":"https:\/\/api.w.org\/{rel}","templated":true}]}}