{"id":483021,"date":"2025-01-29T11:24:06","date_gmt":"2025-01-29T10:24:06","guid":{"rendered":"https:\/\/pisofranco.gal\/artigos\/2025\/01\/29\/a-television-nunca-dimite-483021\/"},"modified":"2025-01-29T11:38:47","modified_gmt":"2025-01-29T10:38:47","slug":"a-television-nunca-dimite","status":"publish","type":"post","link":"https:\/\/pisofranco.gal\/pt-pt\/artigos\/2025\/01\/29\/a-television-nunca-dimite-483021\/","title":{"rendered":"A televis\u00e3o nunca demite"},"content":{"rendered":"","protected":false},"excerpt":{"rendered":"<p>Algumas fam\u00edlias no mundo t\u00eam mais televisores do que membros. N\u00e3o me refiro a ecr\u00e3s. Televis\u00f5es: com o seu telecomando, fios emaranhados e p\u00f3 a repousar nas suas costas. A televis\u00e3o \u00e9 a parte mais fi\u00e1vel da fam\u00edlia. Segundo os autores de Bart Simpson, \u00e9 a fam\u00edlia ideal: d\u00e1 muito e nunca pede nada. Da\u00ed &hellip;<\/p>\n","protected":false},"author":51,"featured_media":482979,"comment_status":"closed","ping_status":"closed","sticky":false,"template":"","format":"standard","meta":{"_acf_changed":false,"footnotes":""},"categories":[83],"tags":[],"class_list":["post-483021","post","type-post","status-publish","format-standard","has-post-thumbnail","hentry","category-fototexto-pt"],"acf":[],"post_template":"fototexto","post_subscription":"yes","pretitle":"","content_extract":"Algumas fam\u00edlias no mundo t\u00eam mais televisores do que membros. N\u00e3o me refiro a ecr\u00e3s. Televis\u00f5es: com o seu telecomando, fios emaranhados e p\u00f3 a repousar nas suas costas. A televis\u00e3o \u00e9 a parte mais fi\u00e1vel da fam\u00edlia. Segundo os autores de Bart Simpson, \u00e9 a fam\u00edlia ideal: d\u00e1 muito e nunca pede nada. Da\u00ed...","reading_data":{"word_count":"265","reading_seconds":"63","reading_time":{"minutes":1,"hours":0,"seconds":3},"reading_string":"1'3''","reading_human":"1 minuto"},"announcement":{"finishdate":"","finishdate_text":""},"opinion":{"subject":"","subject_info":[]},"event_info":{"startdate":"","starttime":"","enddate":"","endtime":"","entertainer":null},"interview":{"interviewed":""},"phototext":{"text_author":"Camilo Franco","text_photo":"Moncho Fuentes"},"video":{"video_source":""},"promotion":{"action":"default","action_data":""},"categories_list":[{"name":"Mais que palavras","id":83,"slug":"fototexto-pt","parent":0,"template":"default"}],"visible_author":"Camilo Franco","_links":{"self":[{"href":"https:\/\/pisofranco.gal\/pt-pt\/api\/wp\/v2\/posts\/483021"}],"collection":[{"href":"https:\/\/pisofranco.gal\/pt-pt\/api\/wp\/v2\/posts"}],"about":[{"href":"https:\/\/pisofranco.gal\/pt-pt\/api\/wp\/v2\/types\/post"}],"author":[{"embeddable":true,"href":"https:\/\/pisofranco.gal\/pt-pt\/api\/wp\/v2\/users\/51"}],"replies":[{"embeddable":true,"href":"https:\/\/pisofranco.gal\/pt-pt\/api\/wp\/v2\/comments?post=483021"}],"version-history":[{"count":1,"href":"https:\/\/pisofranco.gal\/pt-pt\/api\/wp\/v2\/posts\/483021\/revisions"}],"predecessor-version":[{"id":483105,"href":"https:\/\/pisofranco.gal\/pt-pt\/api\/wp\/v2\/posts\/483021\/revisions\/483105"}],"wp:featuredmedia":[{"embeddable":true,"href":"https:\/\/pisofranco.gal\/pt-pt\/api\/wp\/v2\/media\/482979"}],"wp:attachment":[{"href":"https:\/\/pisofranco.gal\/pt-pt\/api\/wp\/v2\/media?parent=483021"}],"wp:term":[{"taxonomy":"category","embeddable":true,"href":"https:\/\/pisofranco.gal\/pt-pt\/api\/wp\/v2\/categories?post=483021"},{"taxonomy":"post_tag","embeddable":true,"href":"https:\/\/pisofranco.gal\/pt-pt\/api\/wp\/v2\/tags?post=483021"}],"curies":[{"name":"wp","href":"https:\/\/api.w.org\/{rel}","templated":true}]}}