{"id":490774,"date":"2025-03-21T17:20:17","date_gmt":"2025-03-21T16:20:17","guid":{"rendered":"https:\/\/pisofranco.gal\/artigos\/2025\/03\/21\/o-cristo-de-kafka-490774\/"},"modified":"2025-03-21T17:26:03","modified_gmt":"2025-03-21T16:26:03","slug":"o-cristo-de-kafka","status":"publish","type":"post","link":"https:\/\/pisofranco.gal\/pt-pt\/artigos\/2025\/03\/21\/o-cristo-de-kafka-490774\/","title":{"rendered":"O Cristo de Kafka"},"content":{"rendered":"","protected":false},"excerpt":{"rendered":"<p>Acordou com as m\u00e3os im\u00f3veis, os bra\u00e7os r\u00edgidos, dores intensas na cabe\u00e7a, nas palmas das m\u00e3os, e c\u00e3ibras nas pernas. N\u00e3o sentia as palmas das m\u00e3os e tinha c\u00e3ibras nas pernas. N\u00e3o conseguia sentir os p\u00e9s. A sua vis\u00e3o estava obscurecida e, quando conseguiu abrir ligeiramente um olho, pareceu-lhe que o quarto estava agora mais &hellip;<\/p>\n","protected":false},"author":51,"featured_media":490725,"comment_status":"closed","ping_status":"closed","sticky":false,"template":"","format":"standard","meta":{"_acf_changed":false,"footnotes":""},"categories":[148,245],"tags":[],"class_list":["post-490774","post","type-post","status-publish","format-standard","has-post-thumbnail","hentry","category-palavras-contadas","category-libros-pt"],"acf":[],"post_template":"default","post_subscription":"yes","pretitle":"","content_extract":"Acordou com as m\u00e3os im\u00f3veis, os bra\u00e7os r\u00edgidos, dores intensas na cabe\u00e7a, nas palmas das m\u00e3os, e c\u00e3ibras nas pernas. N\u00e3o sentia as palmas das m\u00e3os e tinha c\u00e3ibras nas pernas. N\u00e3o conseguia sentir os p\u00e9s. A sua vis\u00e3o estava obscurecida e, quando conseguiu abrir ligeiramente um olho, pareceu-lhe que o quarto estava agora mais...","reading_data":{"word_count":"118","reading_seconds":"28","reading_time":{"minutes":0,"hours":0,"seconds":28},"reading_string":"28''","reading_human":"<1 minuto"},"announcement":{"finishdate":"","finishdate_text":""},"opinion":{"subject":"","subject_info":[]},"event_info":{"startdate":"","starttime":"","enddate":"","endtime":"","entertainer":null},"interview":{"interviewed":""},"phototext":{"text_author":"","text_photo":""},"video":{"video_source":""},"promotion":{"action":"default","action_data":""},"categories_list":[{"name":"Livros","id":245,"slug":"libros-pt","parent":0,"template":"books"},{"name":"Palavras Contadas","id":148,"slug":"palavras-contadas","parent":245,"template":"default"}],"visible_author":"Camilo Franco","_links":{"self":[{"href":"https:\/\/pisofranco.gal\/pt-pt\/api\/wp\/v2\/posts\/490774"}],"collection":[{"href":"https:\/\/pisofranco.gal\/pt-pt\/api\/wp\/v2\/posts"}],"about":[{"href":"https:\/\/pisofranco.gal\/pt-pt\/api\/wp\/v2\/types\/post"}],"author":[{"embeddable":true,"href":"https:\/\/pisofranco.gal\/pt-pt\/api\/wp\/v2\/users\/51"}],"replies":[{"embeddable":true,"href":"https:\/\/pisofranco.gal\/pt-pt\/api\/wp\/v2\/comments?post=490774"}],"version-history":[{"count":1,"href":"https:\/\/pisofranco.gal\/pt-pt\/api\/wp\/v2\/posts\/490774\/revisions"}],"predecessor-version":[{"id":490845,"href":"https:\/\/pisofranco.gal\/pt-pt\/api\/wp\/v2\/posts\/490774\/revisions\/490845"}],"wp:featuredmedia":[{"embeddable":true,"href":"https:\/\/pisofranco.gal\/pt-pt\/api\/wp\/v2\/media\/490725"}],"wp:attachment":[{"href":"https:\/\/pisofranco.gal\/pt-pt\/api\/wp\/v2\/media?parent=490774"}],"wp:term":[{"taxonomy":"category","embeddable":true,"href":"https:\/\/pisofranco.gal\/pt-pt\/api\/wp\/v2\/categories?post=490774"},{"taxonomy":"post_tag","embeddable":true,"href":"https:\/\/pisofranco.gal\/pt-pt\/api\/wp\/v2\/tags?post=490774"}],"curies":[{"name":"wp","href":"https:\/\/api.w.org\/{rel}","templated":true}]}}