{"id":500209,"date":"2025-05-16T16:36:45","date_gmt":"2025-05-16T14:36:45","guid":{"rendered":"https:\/\/pisofranco.gal\/artigos\/2025\/05\/16\/non-descansa-2-500209\/"},"modified":"2025-05-16T19:19:19","modified_gmt":"2025-05-16T17:19:19","slug":"non-descansa-2","status":"publish","type":"post","link":"https:\/\/pisofranco.gal\/pt-pt\/artigos\/2025\/05\/16\/non-descansa-2-500209\/","title":{"rendered":"N\u00e3o descansa"},"content":{"rendered":"","protected":false},"excerpt":{"rendered":"<p>Em que \u00e9 que o poder descansa? O poder n\u00e3o descansa. Onde quer que estacione, est\u00e1 sempre de servi\u00e7o com aquele raro local que n\u00e3o precisa de mapas. \u00c9 preciso perguntar se h\u00e1 um m\u00e9dico no quarto, mas n\u00e3o \u00e9 preciso perguntar se o poder est\u00e1 l\u00e1. Claro que h\u00e1. O constitucional e o imanente, &hellip;<\/p>\n","protected":false},"author":51,"featured_media":500155,"comment_status":"closed","ping_status":"closed","sticky":false,"template":"","format":"standard","meta":{"_acf_changed":false,"footnotes":""},"categories":[83],"tags":[],"class_list":["post-500209","post","type-post","status-publish","format-standard","has-post-thumbnail","hentry","category-fototexto-pt"],"acf":[],"post_template":"fototexto","post_subscription":"yes","pretitle":"","content_extract":"Em que \u00e9 que o poder descansa? O poder n\u00e3o descansa. Onde quer que estacione, est\u00e1 sempre de servi\u00e7o com aquele raro local que n\u00e3o precisa de mapas. \u00c9 preciso perguntar se h\u00e1 um m\u00e9dico no quarto, mas n\u00e3o \u00e9 preciso perguntar se o poder est\u00e1 l\u00e1. Claro que h\u00e1. O constitucional e o imanente,...","reading_data":{"word_count":"194","reading_seconds":"46","reading_time":{"minutes":0,"hours":0,"seconds":46},"reading_string":"46''","reading_human":"<1 minuto"},"announcement":{"finishdate":"","finishdate_text":""},"opinion":{"subject":"","subject_info":[]},"event_info":{"startdate":"","starttime":"","enddate":"","endtime":"","entertainer":null},"interview":{"interviewed":""},"phototext":{"text_author":"Camilo Franco","text_photo":"Moncho Fuentes"},"video":{"video_source":""},"promotion":{"action":"default","action_data":""},"categories_list":[{"name":"Mais que palavras","id":83,"slug":"fototexto-pt","parent":0,"template":"default"}],"visible_author":"Camilo Franco","_links":{"self":[{"href":"https:\/\/pisofranco.gal\/pt-pt\/api\/wp\/v2\/posts\/500209"}],"collection":[{"href":"https:\/\/pisofranco.gal\/pt-pt\/api\/wp\/v2\/posts"}],"about":[{"href":"https:\/\/pisofranco.gal\/pt-pt\/api\/wp\/v2\/types\/post"}],"author":[{"embeddable":true,"href":"https:\/\/pisofranco.gal\/pt-pt\/api\/wp\/v2\/users\/51"}],"replies":[{"embeddable":true,"href":"https:\/\/pisofranco.gal\/pt-pt\/api\/wp\/v2\/comments?post=500209"}],"version-history":[{"count":1,"href":"https:\/\/pisofranco.gal\/pt-pt\/api\/wp\/v2\/posts\/500209\/revisions"}],"predecessor-version":[{"id":500255,"href":"https:\/\/pisofranco.gal\/pt-pt\/api\/wp\/v2\/posts\/500209\/revisions\/500255"}],"wp:featuredmedia":[{"embeddable":true,"href":"https:\/\/pisofranco.gal\/pt-pt\/api\/wp\/v2\/media\/500155"}],"wp:attachment":[{"href":"https:\/\/pisofranco.gal\/pt-pt\/api\/wp\/v2\/media?parent=500209"}],"wp:term":[{"taxonomy":"category","embeddable":true,"href":"https:\/\/pisofranco.gal\/pt-pt\/api\/wp\/v2\/categories?post=500209"},{"taxonomy":"post_tag","embeddable":true,"href":"https:\/\/pisofranco.gal\/pt-pt\/api\/wp\/v2\/tags?post=500209"}],"curies":[{"name":"wp","href":"https:\/\/api.w.org\/{rel}","templated":true}]}}