{"id":510986,"date":"2025-08-22T20:30:23","date_gmt":"2025-08-22T18:30:23","guid":{"rendered":"https:\/\/pisofranco.gal\/artigos\/2025\/08\/22\/deberia-haber-un-espazo-para-os-que-non-temos-presa-510986\/"},"modified":"2025-08-22T21:27:42","modified_gmt":"2025-08-22T19:27:42","slug":"deberia-haber-un-espazo-para-os-que-non-temos-presa","status":"publish","type":"post","link":"https:\/\/pisofranco.gal\/pt-pt\/artigos\/2025\/08\/22\/deberia-haber-un-espazo-para-os-que-non-temos-presa-510986\/","title":{"rendered":"Devia haver um espa\u00e7o para aqueles que n\u00e3o t\u00e9m pressa"},"content":{"rendered":"","protected":false},"excerpt":{"rendered":"<p>En moitos sentidos Manuel Lourenzo \u00e9 un escritor cunha dedicaci\u00f3n \u00e1 literatura moi por riba da media mundial. Ten un problema: \u00e9 dramaturgo e esta circunstancia impide en moitos casos que a s\u00faa escrita sexa analizada f\u00f3ra do sometemento ao teatro.<\/p>\n","protected":false},"author":51,"featured_media":510941,"comment_status":"closed","ping_status":"closed","sticky":false,"template":"","format":"standard","meta":{"_acf_changed":false,"footnotes":""},"categories":[82],"tags":[],"class_list":["post-510986","post","type-post","status-publish","format-standard","has-post-thumbnail","hentry","category-entrevista-pt"],"acf":[],"post_template":"entrevista","post_subscription":"yes","pretitle":"","content_extract":"Publicado em La Voz de Galicia. 24 de junho de 2006. Suplemento Culturas - Acha que h\u00e1 um preconceito quando se trata de considerar os dramaturgos como escritores?-Sem d\u00favida alguma. Poderia dar centenas de exemplos, mas seria cansativo. H\u00e1 uma separa\u00e7\u00e3o quase absoluta entre o g\u00e9nero dram\u00e1tico como um g\u00e9nero que n\u00e3o \u00e9 considerado liter\u00e1rio....","reading_data":{"word_count":"1015","reading_seconds":"243","reading_time":{"minutes":4,"hours":0,"seconds":3},"reading_string":"4'3''","reading_human":"4 minutos"},"announcement":{"finishdate":"","finishdate_text":""},"opinion":{"subject":"","subject_info":[]},"event_info":{"startdate":"","starttime":"","enddate":"","endtime":"","entertainer":null},"interview":{"interviewed":"Manuel Lourenzo"},"phototext":{"text_author":"","text_photo":""},"video":{"video_source":""},"promotion":{"action":"default","action_data":""},"categories_list":[{"name":"Entrevista","id":82,"slug":"entrevista-pt","parent":0,"template":"default"}],"visible_author":"Camilo Franco","_links":{"self":[{"href":"https:\/\/pisofranco.gal\/pt-pt\/api\/wp\/v2\/posts\/510986"}],"collection":[{"href":"https:\/\/pisofranco.gal\/pt-pt\/api\/wp\/v2\/posts"}],"about":[{"href":"https:\/\/pisofranco.gal\/pt-pt\/api\/wp\/v2\/types\/post"}],"author":[{"embeddable":true,"href":"https:\/\/pisofranco.gal\/pt-pt\/api\/wp\/v2\/users\/51"}],"replies":[{"embeddable":true,"href":"https:\/\/pisofranco.gal\/pt-pt\/api\/wp\/v2\/comments?post=510986"}],"version-history":[{"count":4,"href":"https:\/\/pisofranco.gal\/pt-pt\/api\/wp\/v2\/posts\/510986\/revisions"}],"predecessor-version":[{"id":511235,"href":"https:\/\/pisofranco.gal\/pt-pt\/api\/wp\/v2\/posts\/510986\/revisions\/511235"}],"wp:featuredmedia":[{"embeddable":true,"href":"https:\/\/pisofranco.gal\/pt-pt\/api\/wp\/v2\/media\/510941"}],"wp:attachment":[{"href":"https:\/\/pisofranco.gal\/pt-pt\/api\/wp\/v2\/media?parent=510986"}],"wp:term":[{"taxonomy":"category","embeddable":true,"href":"https:\/\/pisofranco.gal\/pt-pt\/api\/wp\/v2\/categories?post=510986"},{"taxonomy":"post_tag","embeddable":true,"href":"https:\/\/pisofranco.gal\/pt-pt\/api\/wp\/v2\/tags?post=510986"}],"curies":[{"name":"wp","href":"https:\/\/api.w.org\/{rel}","templated":true}]}}