{"id":529909,"date":"2026-02-27T18:44:46","date_gmt":"2026-02-27T17:44:46","guid":{"rendered":"https:\/\/pisofranco.gal\/artigos\/2026\/02\/27\/oira-mar-a-lago-529909\/"},"modified":"2026-03-05T16:38:08","modified_gmt":"2026-03-05T15:38:08","slug":"oira-mar-a-lago","status":"publish","type":"post","link":"https:\/\/pisofranco.gal\/pt-pt\/artigos\/2026\/02\/27\/oira-mar-a-lago-529909\/","title":{"rendered":"Mar A Lago \/ Oira"},"content":{"rendered":"","protected":false},"excerpt":{"rendered":"<p>Nunca h\u00e1 suficiente grotesco. N\u00e3o h\u00e1 limites nessa sucessiva amplia\u00e7\u00e3o dos limites que fazem coincidir no espa\u00e7o e no tempo o absurdo e o real. Desde o primeiro mandato de Donald Trump, parece ter-se aberto no mundo uma realidade paralela em que uma coisa e a sua par\u00f3dia s\u00e3o a mesma coisa. Esta \u00e9 uma defini\u00e7\u00e3o poss\u00edvel de esperpento e, embora nos EUA seja um assunto desconhecido, o segundo mandato de Trump confirma que, sem o compreender, ele \u00e9 o melhor militante das coisas esperpentas.<\/p>\n","protected":false},"author":51,"featured_media":529910,"comment_status":"closed","ping_status":"closed","sticky":false,"template":"","format":"standard","meta":{"_acf_changed":false,"footnotes":""},"categories":[205,195],"tags":[],"class_list":["post-529909","post","type-post","status-publish","format-standard","has-post-thumbnail","hentry","category-portada-pt-pt","category-fatiga-ocular-pt-pt"],"acf":[],"post_template":"reportaxe","post_subscription":"yes","pretitle":"","content_extract":"Os Estados Unidos da Am\u00e9rica s\u00e3o como Ourense: um lugar onde a fic\u00e7\u00e3o tem tanto peso quanto a realidade, onde, apesar da fama de interessados em quest\u00f5es financeiras, o n\u00e3o comprov\u00e1vel continua sendo decisivo na identidade e na tomada de decis\u00f5es. Ourense n\u00e3o tem petr\u00f3leo, nem ex\u00e9rcito, nem empresas maiores do que o PIB de...","reading_data":{"word_count":"1211","reading_seconds":"290","reading_time":{"minutes":4,"hours":0,"seconds":50},"reading_string":"4'50''","reading_human":"5 minutos"},"announcement":{"finishdate":"","finishdate_text":""},"opinion":{"subject":"","subject_info":[]},"event_info":{"startdate":"","starttime":"","enddate":"","endtime":"","entertainer":null},"interview":{"interviewed":""},"phototext":{"text_author":"","text_photo":""},"video":{"video_source":""},"promotion":{"action":"default","action_data":""},"categories_list":[{"name":"Fadiga Ocular","id":195,"slug":"fatiga-ocular-pt-pt","parent":0,"template":"default"}],"visible_author":"Camilo Franco","_links":{"self":[{"href":"https:\/\/pisofranco.gal\/pt-pt\/api\/wp\/v2\/posts\/529909"}],"collection":[{"href":"https:\/\/pisofranco.gal\/pt-pt\/api\/wp\/v2\/posts"}],"about":[{"href":"https:\/\/pisofranco.gal\/pt-pt\/api\/wp\/v2\/types\/post"}],"author":[{"embeddable":true,"href":"https:\/\/pisofranco.gal\/pt-pt\/api\/wp\/v2\/users\/51"}],"replies":[{"embeddable":true,"href":"https:\/\/pisofranco.gal\/pt-pt\/api\/wp\/v2\/comments?post=529909"}],"version-history":[{"count":2,"href":"https:\/\/pisofranco.gal\/pt-pt\/api\/wp\/v2\/posts\/529909\/revisions"}],"predecessor-version":[{"id":530496,"href":"https:\/\/pisofranco.gal\/pt-pt\/api\/wp\/v2\/posts\/529909\/revisions\/530496"}],"wp:featuredmedia":[{"embeddable":true,"href":"https:\/\/pisofranco.gal\/pt-pt\/api\/wp\/v2\/media\/529910"}],"wp:attachment":[{"href":"https:\/\/pisofranco.gal\/pt-pt\/api\/wp\/v2\/media?parent=529909"}],"wp:term":[{"taxonomy":"category","embeddable":true,"href":"https:\/\/pisofranco.gal\/pt-pt\/api\/wp\/v2\/categories?post=529909"},{"taxonomy":"post_tag","embeddable":true,"href":"https:\/\/pisofranco.gal\/pt-pt\/api\/wp\/v2\/tags?post=529909"}],"curies":[{"name":"wp","href":"https:\/\/api.w.org\/{rel}","templated":true}]}}