{"id":58288,"date":"2021-03-02T10:34:25","date_gmt":"2021-03-02T09:34:25","guid":{"rendered":"https:\/\/pisofranco.gal\/2021\/03\/02\/capela-sixtina-58288\/"},"modified":"2021-04-08T23:24:27","modified_gmt":"2021-04-08T21:24:27","slug":"capela-sixtina","status":"publish","type":"post","link":"https:\/\/pisofranco.gal\/pt-pt\/artigos\/2021\/03\/02\/capela-sixtina-58288\/","title":{"rendered":"Capela Sistina"},"content":{"rendered":"<p>Era uma feira e mesmo as pessoas de missa di\u00e1ria tentavam obviar a proibi\u00e7\u00e3o de tirar fotografias. Punham-se meio de lado e, como quem n\u00e3o quer a coisa, tentavam meter no telem\u00f3vel um pouco da grandeza dessa hist\u00f3ria que o teto e as paredes pretendem contar. \u00c9 uma hist\u00f3ria, e talvez at\u00e9 uma boa hist\u00f3ria. Ainda que n\u00e3o seja verdade. Ou precisamente por isso. Mas a pol\u00edcia n\u00e3o \u00e9 parva e sabe que mesmo os mais asseados s\u00e3o desobedientes e depois de localizar o dissimulado, admoestavam em p\u00fablico porque uma das fun\u00e7\u00f5es do castigo \u00e9 pedag\u00f3gica.&nbsp;<\/p><p>A pol\u00edcia do Vaticano sem o m\u00ednimo rubor clamava:&nbsp;<em>signora<\/em><em>,&nbsp;<\/em><em>signora<\/em><em>, \u00e9&nbsp;<\/em><em>vietato<\/em><em>&nbsp;<\/em><em>fare<\/em><em>&nbsp;<\/em><em>delle<\/em><em>&nbsp;<\/em><em>fotografie<\/em><em>,&nbsp;<\/em><em>crede<\/em><em>&nbsp;che non la vedo?&nbsp;<\/em><em>Saputella<\/em>.&nbsp;Quando conseguias libertar-te da encena\u00e7\u00e3o da fotografia m\u00f3vel e olhavas para cima, assomava aquela demonstra\u00e7\u00e3o clara de que o dinheiro da Igreja Cat\u00f3lica n\u00e3o \u00e9 para miseric\u00f3rdias.&nbsp;<\/p><p>O curioso da Capela Sistina \u00e9 que no centro exato dessa demonstra\u00e7\u00e3o de poderio art\u00edstico n\u00e3o h\u00e1 nada. Entre aqueles dois dedos prestes a tocarem-se, h\u00e1 um lugar vazio. O espa\u00e7o incerto. Nesse vazio permanece a possibilidade de que a vida seja aleat\u00f3ria. Mesmo que o expliquem de outra forma. \u00c9 sempre necess\u00e1rio passar a caneca.&nbsp;<\/p><p>Esta tamb\u00e9m pode ser uma feira. H\u00e1 uma possibilidade, um suspense e algo mais do que um sopro de vida na transmiss\u00e3o sistina da jarra. Mesmo que seja a mesma grandeza. Aqui h\u00e1 mais vida. Como somos materialistas, preferimos passar alguma coisa concreta, \u00fatil. Com decis\u00e3o, para que ningu\u00e9m possa dizer que, quando um galego passa uma jarra, se fica com a d\u00favida se vai ou se vem. N\u00e3o h\u00e1 d\u00favida. Vai e vem porque a vida \u00e9 ida e volta.&nbsp;<\/p><p class=\"wp-block-verse\">Texto e foto foram publicados no n\u00ba 247 do Tempos Novos. 12\/2017<\/p>","protected":false},"excerpt":{"rendered":"<p>Era uma feira e mesmo as pessoas de missa di\u00e1ria tentavam obviar a proibi\u00e7\u00e3o de tirar fotografias. Punham-se meio de lado e, como quem n\u00e3o quer a coisa, tentavam meter no telem\u00f3vel um pouco da grandeza dessa hist\u00f3ria que o teto e as paredes pretendem contar. \u00c9 uma hist\u00f3ria, e talvez at\u00e9 uma boa hist\u00f3ria. &hellip;<\/p>\n","protected":false},"author":51,"featured_media":29412,"comment_status":"closed","ping_status":"closed","sticky":false,"template":"","format":"standard","meta":{"_acf_changed":false,"footnotes":""},"categories":[83],"tags":[250,251,252,253],"class_list":["post-58288","post","type-post","status-publish","format-standard","has-post-thumbnail","hentry","category-fototexto-pt","tag-antroido-pt-pt","tag-moncho-fuentes-pt-pt","tag-marvel-pt-pt","tag-sixtina-pt-pt"],"acf":[],"post_template":"fototexto","post_subscription":"no","pretitle":"","content_extract":"Era uma feira e mesmo as pessoas de missa di\u00e1ria tentavam obviar a proibi\u00e7\u00e3o de tirar fotografias. Punham-se meio de lado e, como quem n\u00e3o quer a coisa, tentavam meter no telem\u00f3vel um pouco da grandeza dessa hist\u00f3ria que o teto e as paredes pretendem contar. \u00c9 uma hist\u00f3ria, e talvez at\u00e9 uma boa hist\u00f3ria....","reading_data":{"word_count":"300","reading_seconds":"72","reading_time":{"minutes":1,"hours":0,"seconds":12},"reading_string":"1'12''","reading_human":"1 minuto"},"announcement":{"finishdate":"","finishdate_text":""},"opinion":{"subject":"","subject_info":[{"title":"","description":""}]},"event_info":{"startdate":"","starttime":"","enddate":"","endtime":"","entertainer":null},"interview":{"interviewed":""},"phototext":{"text_author":"Camilo Franco","text_photo":"Moncho Fuentes"},"video":{"video_source":""},"promotion":null,"categories_list":[{"name":"Mais que palavras","id":83,"slug":"fototexto-pt","parent":0,"template":"default"}],"visible_author":"Camilo Franco","_links":{"self":[{"href":"https:\/\/pisofranco.gal\/pt-pt\/api\/wp\/v2\/posts\/58288"}],"collection":[{"href":"https:\/\/pisofranco.gal\/pt-pt\/api\/wp\/v2\/posts"}],"about":[{"href":"https:\/\/pisofranco.gal\/pt-pt\/api\/wp\/v2\/types\/post"}],"author":[{"embeddable":true,"href":"https:\/\/pisofranco.gal\/pt-pt\/api\/wp\/v2\/users\/51"}],"replies":[{"embeddable":true,"href":"https:\/\/pisofranco.gal\/pt-pt\/api\/wp\/v2\/comments?post=58288"}],"version-history":[{"count":3,"href":"https:\/\/pisofranco.gal\/pt-pt\/api\/wp\/v2\/posts\/58288\/revisions"}],"predecessor-version":[{"id":58354,"href":"https:\/\/pisofranco.gal\/pt-pt\/api\/wp\/v2\/posts\/58288\/revisions\/58354"}],"wp:featuredmedia":[{"embeddable":true,"href":"https:\/\/pisofranco.gal\/pt-pt\/api\/wp\/v2\/media\/29412"}],"wp:attachment":[{"href":"https:\/\/pisofranco.gal\/pt-pt\/api\/wp\/v2\/media?parent=58288"}],"wp:term":[{"taxonomy":"category","embeddable":true,"href":"https:\/\/pisofranco.gal\/pt-pt\/api\/wp\/v2\/categories?post=58288"},{"taxonomy":"post_tag","embeddable":true,"href":"https:\/\/pisofranco.gal\/pt-pt\/api\/wp\/v2\/tags?post=58288"}],"curies":[{"name":"wp","href":"https:\/\/api.w.org\/{rel}","templated":true}]}}