{"id":66849,"date":"2021-04-21T20:45:35","date_gmt":"2021-04-21T18:45:35","guid":{"rendered":"https:\/\/pisofranco.gal\/2021\/04\/21\/o-romanticismo-e-o-que-nos-fode-66849\/"},"modified":"2022-03-18T14:28:48","modified_gmt":"2022-03-18T13:28:48","slug":"o-romanticismo-e-o-que-nos-fode","status":"publish","type":"post","link":"https:\/\/pisofranco.gal\/pt-pt\/artigos\/2021\/04\/21\/o-romanticismo-e-o-que-nos-fode-66849\/","title":{"rendered":"O romantismo \u00e9 o que nos fode"},"content":{"rendered":"","protected":false},"excerpt":{"rendered":"<p>Como somos uns&nbsp;intelectualoides&nbsp;invertemos o processo de compreens\u00e3o e pensamos que primeiro \u00e9 a mensagem e depois as coisas. E repensando deixamos que o que sentimos no est\u00f4mago mude o discurso at\u00e9 que os interesses pessoais pare\u00e7am raz\u00f5es coletivas. O Twitter ajuda muito.&nbsp; Como somos&nbsp;intelectualoides&nbsp;\u00e9 desnecess\u00e1rio citar a Friedrich e, precisamente por causa do mesmo, \u00e9 &hellip;<\/p>\n","protected":false},"author":51,"featured_media":64171,"comment_status":"closed","ping_status":"closed","sticky":false,"template":"","format":"standard","meta":{"_acf_changed":false,"footnotes":""},"categories":[83],"tags":[],"class_list":["post-66849","post","type-post","status-publish","format-standard","has-post-thumbnail","hentry","category-fototexto-pt"],"acf":[],"post_template":"fototexto","post_subscription":"yes","pretitle":"","content_extract":"Como somos uns&nbsp;intelectualoides&nbsp;invertemos o processo de compreens\u00e3o e pensamos que primeiro \u00e9 a mensagem e depois as coisas. E repensando deixamos que o que sentimos no est\u00f4mago mude o discurso at\u00e9 que os interesses pessoais pare\u00e7am raz\u00f5es coletivas. O Twitter ajuda muito.&nbsp; Como somos&nbsp;intelectualoides&nbsp;\u00e9 desnecess\u00e1rio citar a Friedrich e, precisamente por causa do mesmo, \u00e9...","reading_data":{"word_count":"301","reading_seconds":"72","reading_time":{"minutes":1,"hours":0,"seconds":12},"reading_string":"1'12''","reading_human":"1 minuto"},"announcement":{"finishdate":"","finishdate_text":""},"opinion":{"subject":"","subject_info":[]},"event_info":{"startdate":"","starttime":"","enddate":"","endtime":"","entertainer":null},"interview":{"interviewed":""},"phototext":{"text_author":"Camilo Franco","text_photo":"Moncho Fuentes"},"video":{"video_source":""},"promotion":{"action":"default","action_data":""},"categories_list":[{"name":"Mais que palavras","id":83,"slug":"fototexto-pt","parent":0,"template":"default"}],"visible_author":"Camilo Franco","_links":{"self":[{"href":"https:\/\/pisofranco.gal\/pt-pt\/api\/wp\/v2\/posts\/66849"}],"collection":[{"href":"https:\/\/pisofranco.gal\/pt-pt\/api\/wp\/v2\/posts"}],"about":[{"href":"https:\/\/pisofranco.gal\/pt-pt\/api\/wp\/v2\/types\/post"}],"author":[{"embeddable":true,"href":"https:\/\/pisofranco.gal\/pt-pt\/api\/wp\/v2\/users\/51"}],"replies":[{"embeddable":true,"href":"https:\/\/pisofranco.gal\/pt-pt\/api\/wp\/v2\/comments?post=66849"}],"version-history":[{"count":3,"href":"https:\/\/pisofranco.gal\/pt-pt\/api\/wp\/v2\/posts\/66849\/revisions"}],"predecessor-version":[{"id":201435,"href":"https:\/\/pisofranco.gal\/pt-pt\/api\/wp\/v2\/posts\/66849\/revisions\/201435"}],"wp:featuredmedia":[{"embeddable":true,"href":"https:\/\/pisofranco.gal\/pt-pt\/api\/wp\/v2\/media\/64171"}],"wp:attachment":[{"href":"https:\/\/pisofranco.gal\/pt-pt\/api\/wp\/v2\/media?parent=66849"}],"wp:term":[{"taxonomy":"category","embeddable":true,"href":"https:\/\/pisofranco.gal\/pt-pt\/api\/wp\/v2\/categories?post=66849"},{"taxonomy":"post_tag","embeddable":true,"href":"https:\/\/pisofranco.gal\/pt-pt\/api\/wp\/v2\/tags?post=66849"}],"curies":[{"name":"wp","href":"https:\/\/api.w.org\/{rel}","templated":true}]}}